{"id":22966,"date":"2023-11-29T11:00:36","date_gmt":"2023-11-29T10:00:36","guid":{"rendered":"https:\/\/www.mc2.es\/?p=22966"},"modified":"2023-12-05T07:31:14","modified_gmt":"2023-12-05T06:31:14","slug":"tribute-to-julio-martinez-calzon-2","status":"publish","type":"post","link":"https:\/\/www.mc2.es\/en\/tribute-to-julio-martinez-calzon-2\/","title":{"rendered":"Tribute to Julio Mart\u00ednez Calz\u00f3n"},"content":{"rendered":"<p>Yesterday, a tribute to the founder of MC2, Julio Mart\u00ednez Calz\u00f3n, was held at the national headquarters of the Spanish Institution of Civil Engineers.<\/p>\n<p>The event began with a guided tour of the Juan Bravo Bridge in which Jorge Bernab\u00e9u highlighted aspects such as the technological innovation that it represented at that time, as it was the first composite concrete-steel structure in Spain, as well as the first time that the combination of weathering steel and white concrete as structural elements was employed. Another factor that stood out was the effort to integrate the bridge into a classic environment in that area of the city of Madrid. The importance of the bridge as a backbone element of an artistic complex was also confirmed, in which it coexists with multiple works of art that form an urban museum.<\/p>\n<p>Subsequently, the event continued with a round table in the Agust\u00edn de Betancourt Auditorium, made up of speakers who had close personal and professional contact with the honoree.<\/p>\n<p>The interventions, complementary to each other and very heartfelt and emotional, tried to do justice to the greatness of the figure of Julio Mart\u00ednez Calz\u00f3n, making evident his high intellectual and personal level in multiple subjects, not only structural engineering, but also art, poetry, astronomy, philosophy and music, thanks to his vocation as a humanist engineer.<\/p>\n<p>One of the participants in the round table was \u00c1lvaro Serrano, Technical Director of MC2, who was in charge of collecting and showing the structural legacy that Julio left during his professional life.<\/p>\n","protected":false},"excerpt":{"rendered":"<p>Yesterday, a tribute to the founder of MC2, Julio Mart\u00ednez Calz\u00f3n, was held at the national headquarters of the Spanish Institution of Civil Engineers. The event began with a guided tour of the Juan Bravo Bridge in which Jorge Bernab\u00e9u highlighted aspects such as the technological innovation that it represented at that time, as it &#8230; <a title=\"Tribute to Julio Mart\u00ednez Calz\u00f3n\" class=\"read-more\" href=\"https:\/\/www.mc2.es\/en\/tribute-to-julio-martinez-calzon-2\/\" aria-label=\"Read more about Tribute to Julio Mart\u00ednez Calz\u00f3n\">Read more<\/a><\/p>\n","protected":false},"author":2,"featured_media":22962,"comment_status":"open","ping_status":"open","sticky":false,"template":"","format":"standard","meta":{"footnotes":""},"categories":[42],"tags":[],"class_list":["post-22966","post","type-post","status-publish","format-standard","has-post-thumbnail","hentry","category-uncategorized"],"yoast_head":"<!-- This site is optimized with the Yoast SEO plugin v26.2 - https:\/\/yoast.com\/wordpress\/plugins\/seo\/ -->\n<title>Tribute to Julio Mart\u00ednez Calz\u00f3n - MC2<\/title>\n<meta name=\"robots\" content=\"index, follow, max-snippet:-1, max-image-preview:large, max-video-preview:-1\" \/>\n<link rel=\"canonical\" href=\"https:\/\/www.mc2.es\/homenaje-a-julio-martinez-calzon-2\/\" \/>\n<meta property=\"og:locale\" content=\"en_US\" \/>\n<meta property=\"og:type\" content=\"article\" \/>\n<meta property=\"og:title\" content=\"Tribute to Julio Mart\u00ednez Calz\u00f3n - MC2\" \/>\n<meta property=\"og:description\" content=\"Yesterday, a tribute to the founder of MC2, Julio Mart\u00ednez Calz\u00f3n, was held at the national headquarters of the Spanish Institution of Civil Engineers. The event began with a guided tour of the Juan Bravo Bridge in which Jorge Bernab\u00e9u highlighted aspects such as the technological innovation that it represented at that time, as it ... Read more\" \/>\n<meta property=\"og:url\" content=\"https:\/\/www.mc2.es\/homenaje-a-julio-martinez-calzon-2\/\" \/>\n<meta property=\"og:site_name\" content=\"MC2\" \/>\n<meta property=\"article:published_time\" content=\"2023-11-29T10:00:36+00:00\" \/>\n<meta property=\"article:modified_time\" content=\"2023-12-05T06:31:14+00:00\" \/>\n<meta property=\"og:image\" content=\"https:\/\/www.mc2.es\/wp-content\/uploads\/IMG20231128193504-scaled.jpg\" \/>\n\t<meta property=\"og:image:width\" content=\"2560\" \/>\n\t<meta property=\"og:image:height\" content=\"1925\" \/>\n\t<meta property=\"og:image:type\" content=\"image\/jpeg\" \/>\n<meta name=\"author\" content=\"mc2\" \/>\n<meta name=\"twitter:card\" content=\"summary_large_image\" \/>\n<meta name=\"twitter:label1\" content=\"Written by\" \/>\n\t<meta name=\"twitter:data1\" content=\"mc2\" \/>\n\t<meta name=\"twitter:label2\" content=\"Est. reading time\" \/>\n\t<meta name=\"twitter:data2\" content=\"2 minutes\" \/>\n<script type=\"application\/ld+json\" class=\"yoast-schema-graph\">{\"@context\":\"https:\/\/schema.org\",\"@graph\":[{\"@type\":\"Article\",\"@id\":\"https:\/\/www.mc2.es\/homenaje-a-julio-martinez-calzon-2\/#article\",\"isPartOf\":{\"@id\":\"https:\/\/www.mc2.es\/homenaje-a-julio-martinez-calzon-2\/\"},\"author\":{\"name\":\"mc2\",\"@id\":\"https:\/\/www.mc2.es\/#\/schema\/person\/2d299d3d34860068179286878cd32141\"},\"headline\":\"Tribute to Julio Mart\u00ednez Calz\u00f3n\",\"datePublished\":\"2023-11-29T10:00:36+00:00\",\"dateModified\":\"2023-12-05T06:31:14+00:00\",\"mainEntityOfPage\":{\"@id\":\"https:\/\/www.mc2.es\/homenaje-a-julio-martinez-calzon-2\/\"},\"wordCount\":267,\"commentCount\":0,\"publisher\":{\"@id\":\"https:\/\/www.mc2.es\/#organization\"},\"image\":{\"@id\":\"https:\/\/www.mc2.es\/homenaje-a-julio-martinez-calzon-2\/#primaryimage\"},\"thumbnailUrl\":\"https:\/\/www.mc2.es\/wp-content\/uploads\/IMG20231128193504-scaled.jpg\",\"inLanguage\":\"en-US\",\"potentialAction\":[{\"@type\":\"CommentAction\",\"name\":\"Comment\",\"target\":[\"https:\/\/www.mc2.es\/homenaje-a-julio-martinez-calzon-2\/#respond\"]}]},{\"@type\":\"WebPage\",\"@id\":\"https:\/\/www.mc2.es\/homenaje-a-julio-martinez-calzon-2\/\",\"url\":\"https:\/\/www.mc2.es\/homenaje-a-julio-martinez-calzon-2\/\",\"name\":\"Tribute to Julio Mart\u00ednez Calz\u00f3n - MC2\",\"isPartOf\":{\"@id\":\"https:\/\/www.mc2.es\/#website\"},\"primaryImageOfPage\":{\"@id\":\"https:\/\/www.mc2.es\/homenaje-a-julio-martinez-calzon-2\/#primaryimage\"},\"image\":{\"@id\":\"https:\/\/www.mc2.es\/homenaje-a-julio-martinez-calzon-2\/#primaryimage\"},\"thumbnailUrl\":\"https:\/\/www.mc2.es\/wp-content\/uploads\/IMG20231128193504-scaled.jpg\",\"datePublished\":\"2023-11-29T10:00:36+00:00\",\"dateModified\":\"2023-12-05T06:31:14+00:00\",\"breadcrumb\":{\"@id\":\"https:\/\/www.mc2.es\/homenaje-a-julio-martinez-calzon-2\/#breadcrumb\"},\"inLanguage\":\"en-US\",\"potentialAction\":[{\"@type\":\"ReadAction\",\"target\":[\"https:\/\/www.mc2.es\/homenaje-a-julio-martinez-calzon-2\/\"]}]},{\"@type\":\"ImageObject\",\"inLanguage\":\"en-US\",\"@id\":\"https:\/\/www.mc2.es\/homenaje-a-julio-martinez-calzon-2\/#primaryimage\",\"url\":\"https:\/\/www.mc2.es\/wp-content\/uploads\/IMG20231128193504-scaled.jpg\",\"contentUrl\":\"https:\/\/www.mc2.es\/wp-content\/uploads\/IMG20231128193504-scaled.jpg\",\"width\":2560,\"height\":1925},{\"@type\":\"BreadcrumbList\",\"@id\":\"https:\/\/www.mc2.es\/homenaje-a-julio-martinez-calzon-2\/#breadcrumb\",\"itemListElement\":[{\"@type\":\"ListItem\",\"position\":1,\"name\":\"Inicio\",\"item\":\"https:\/\/www.mc2.es\/en\/\"},{\"@type\":\"ListItem\",\"position\":2,\"name\":\"Tribute to Julio Mart\u00ednez Calz\u00f3n\"}]},{\"@type\":\"WebSite\",\"@id\":\"https:\/\/www.mc2.es\/#website\",\"url\":\"https:\/\/www.mc2.es\/\",\"name\":\"MC2\",\"description\":\"Estudio de Ingenier\u00eda\",\"publisher\":{\"@id\":\"https:\/\/www.mc2.es\/#organization\"},\"potentialAction\":[{\"@type\":\"SearchAction\",\"target\":{\"@type\":\"EntryPoint\",\"urlTemplate\":\"https:\/\/www.mc2.es\/?s={search_term_string}\"},\"query-input\":{\"@type\":\"PropertyValueSpecification\",\"valueRequired\":true,\"valueName\":\"search_term_string\"}}],\"inLanguage\":\"en-US\"},{\"@type\":\"Organization\",\"@id\":\"https:\/\/www.mc2.es\/#organization\",\"name\":\"MC2\",\"url\":\"https:\/\/www.mc2.es\/\",\"logo\":{\"@type\":\"ImageObject\",\"inLanguage\":\"en-US\",\"@id\":\"https:\/\/www.mc2.es\/#\/schema\/logo\/image\/\",\"url\":\"https:\/\/www.mc2.es\/wp-content\/uploads\/cropped-Logo-MC2-blanco.png\",\"contentUrl\":\"https:\/\/www.mc2.es\/wp-content\/uploads\/cropped-Logo-MC2-blanco.png\",\"width\":505,\"height\":433,\"caption\":\"MC2\"},\"image\":{\"@id\":\"https:\/\/www.mc2.es\/#\/schema\/logo\/image\/\"}},{\"@type\":\"Person\",\"@id\":\"https:\/\/www.mc2.es\/#\/schema\/person\/2d299d3d34860068179286878cd32141\",\"name\":\"mc2\",\"image\":{\"@type\":\"ImageObject\",\"inLanguage\":\"en-US\",\"@id\":\"https:\/\/www.mc2.es\/#\/schema\/person\/image\/\",\"url\":\"https:\/\/secure.gravatar.com\/avatar\/0c6f021932b73f2f19c341f673a5ebdb8e2c1f6d3b9da5fe6950c8420793cc96?s=96&d=mm&r=g\",\"contentUrl\":\"https:\/\/secure.gravatar.com\/avatar\/0c6f021932b73f2f19c341f673a5ebdb8e2c1f6d3b9da5fe6950c8420793cc96?s=96&d=mm&r=g\",\"caption\":\"mc2\"}}]}<\/script>\n<!-- \/ Yoast SEO plugin. -->","yoast_head_json":{"title":"Tribute to Julio Mart\u00ednez Calz\u00f3n - MC2","robots":{"index":"index","follow":"follow","max-snippet":"max-snippet:-1","max-image-preview":"max-image-preview:large","max-video-preview":"max-video-preview:-1"},"canonical":"https:\/\/www.mc2.es\/homenaje-a-julio-martinez-calzon-2\/","og_locale":"en_US","og_type":"article","og_title":"Tribute to Julio Mart\u00ednez Calz\u00f3n - MC2","og_description":"Yesterday, a tribute to the founder of MC2, Julio Mart\u00ednez Calz\u00f3n, was held at the national headquarters of the Spanish Institution of Civil Engineers. The event began with a guided tour of the Juan Bravo Bridge in which Jorge Bernab\u00e9u highlighted aspects such as the technological innovation that it represented at that time, as it ... Read more","og_url":"https:\/\/www.mc2.es\/homenaje-a-julio-martinez-calzon-2\/","og_site_name":"MC2","article_published_time":"2023-11-29T10:00:36+00:00","article_modified_time":"2023-12-05T06:31:14+00:00","og_image":[{"width":2560,"height":1925,"url":"https:\/\/www.mc2.es\/wp-content\/uploads\/IMG20231128193504-scaled.jpg","type":"image\/jpeg"}],"author":"mc2","twitter_card":"summary_large_image","twitter_misc":{"Written by":"mc2","Est. reading time":"2 minutes"},"schema":{"@context":"https:\/\/schema.org","@graph":[{"@type":"Article","@id":"https:\/\/www.mc2.es\/homenaje-a-julio-martinez-calzon-2\/#article","isPartOf":{"@id":"https:\/\/www.mc2.es\/homenaje-a-julio-martinez-calzon-2\/"},"author":{"name":"mc2","@id":"https:\/\/www.mc2.es\/#\/schema\/person\/2d299d3d34860068179286878cd32141"},"headline":"Tribute to Julio Mart\u00ednez Calz\u00f3n","datePublished":"2023-11-29T10:00:36+00:00","dateModified":"2023-12-05T06:31:14+00:00","mainEntityOfPage":{"@id":"https:\/\/www.mc2.es\/homenaje-a-julio-martinez-calzon-2\/"},"wordCount":267,"commentCount":0,"publisher":{"@id":"https:\/\/www.mc2.es\/#organization"},"image":{"@id":"https:\/\/www.mc2.es\/homenaje-a-julio-martinez-calzon-2\/#primaryimage"},"thumbnailUrl":"https:\/\/www.mc2.es\/wp-content\/uploads\/IMG20231128193504-scaled.jpg","inLanguage":"en-US","potentialAction":[{"@type":"CommentAction","name":"Comment","target":["https:\/\/www.mc2.es\/homenaje-a-julio-martinez-calzon-2\/#respond"]}]},{"@type":"WebPage","@id":"https:\/\/www.mc2.es\/homenaje-a-julio-martinez-calzon-2\/","url":"https:\/\/www.mc2.es\/homenaje-a-julio-martinez-calzon-2\/","name":"Tribute to Julio Mart\u00ednez Calz\u00f3n - MC2","isPartOf":{"@id":"https:\/\/www.mc2.es\/#website"},"primaryImageOfPage":{"@id":"https:\/\/www.mc2.es\/homenaje-a-julio-martinez-calzon-2\/#primaryimage"},"image":{"@id":"https:\/\/www.mc2.es\/homenaje-a-julio-martinez-calzon-2\/#primaryimage"},"thumbnailUrl":"https:\/\/www.mc2.es\/wp-content\/uploads\/IMG20231128193504-scaled.jpg","datePublished":"2023-11-29T10:00:36+00:00","dateModified":"2023-12-05T06:31:14+00:00","breadcrumb":{"@id":"https:\/\/www.mc2.es\/homenaje-a-julio-martinez-calzon-2\/#breadcrumb"},"inLanguage":"en-US","potentialAction":[{"@type":"ReadAction","target":["https:\/\/www.mc2.es\/homenaje-a-julio-martinez-calzon-2\/"]}]},{"@type":"ImageObject","inLanguage":"en-US","@id":"https:\/\/www.mc2.es\/homenaje-a-julio-martinez-calzon-2\/#primaryimage","url":"https:\/\/www.mc2.es\/wp-content\/uploads\/IMG20231128193504-scaled.jpg","contentUrl":"https:\/\/www.mc2.es\/wp-content\/uploads\/IMG20231128193504-scaled.jpg","width":2560,"height":1925},{"@type":"BreadcrumbList","@id":"https:\/\/www.mc2.es\/homenaje-a-julio-martinez-calzon-2\/#breadcrumb","itemListElement":[{"@type":"ListItem","position":1,"name":"Inicio","item":"https:\/\/www.mc2.es\/en\/"},{"@type":"ListItem","position":2,"name":"Tribute to Julio Mart\u00ednez Calz\u00f3n"}]},{"@type":"WebSite","@id":"https:\/\/www.mc2.es\/#website","url":"https:\/\/www.mc2.es\/","name":"MC2","description":"Estudio de Ingenier\u00eda","publisher":{"@id":"https:\/\/www.mc2.es\/#organization"},"potentialAction":[{"@type":"SearchAction","target":{"@type":"EntryPoint","urlTemplate":"https:\/\/www.mc2.es\/?s={search_term_string}"},"query-input":{"@type":"PropertyValueSpecification","valueRequired":true,"valueName":"search_term_string"}}],"inLanguage":"en-US"},{"@type":"Organization","@id":"https:\/\/www.mc2.es\/#organization","name":"MC2","url":"https:\/\/www.mc2.es\/","logo":{"@type":"ImageObject","inLanguage":"en-US","@id":"https:\/\/www.mc2.es\/#\/schema\/logo\/image\/","url":"https:\/\/www.mc2.es\/wp-content\/uploads\/cropped-Logo-MC2-blanco.png","contentUrl":"https:\/\/www.mc2.es\/wp-content\/uploads\/cropped-Logo-MC2-blanco.png","width":505,"height":433,"caption":"MC2"},"image":{"@id":"https:\/\/www.mc2.es\/#\/schema\/logo\/image\/"}},{"@type":"Person","@id":"https:\/\/www.mc2.es\/#\/schema\/person\/2d299d3d34860068179286878cd32141","name":"mc2","image":{"@type":"ImageObject","inLanguage":"en-US","@id":"https:\/\/www.mc2.es\/#\/schema\/person\/image\/","url":"https:\/\/secure.gravatar.com\/avatar\/0c6f021932b73f2f19c341f673a5ebdb8e2c1f6d3b9da5fe6950c8420793cc96?s=96&d=mm&r=g","contentUrl":"https:\/\/secure.gravatar.com\/avatar\/0c6f021932b73f2f19c341f673a5ebdb8e2c1f6d3b9da5fe6950c8420793cc96?s=96&d=mm&r=g","caption":"mc2"}}]}},"_links":{"self":[{"href":"https:\/\/www.mc2.es\/en\/wp-json\/wp\/v2\/posts\/22966","targetHints":{"allow":["GET"]}}],"collection":[{"href":"https:\/\/www.mc2.es\/en\/wp-json\/wp\/v2\/posts"}],"about":[{"href":"https:\/\/www.mc2.es\/en\/wp-json\/wp\/v2\/types\/post"}],"author":[{"embeddable":true,"href":"https:\/\/www.mc2.es\/en\/wp-json\/wp\/v2\/users\/2"}],"replies":[{"embeddable":true,"href":"https:\/\/www.mc2.es\/en\/wp-json\/wp\/v2\/comments?post=22966"}],"version-history":[{"count":1,"href":"https:\/\/www.mc2.es\/en\/wp-json\/wp\/v2\/posts\/22966\/revisions"}],"predecessor-version":[{"id":22967,"href":"https:\/\/www.mc2.es\/en\/wp-json\/wp\/v2\/posts\/22966\/revisions\/22967"}],"wp:featuredmedia":[{"embeddable":true,"href":"https:\/\/www.mc2.es\/en\/wp-json\/wp\/v2\/media\/22962"}],"wp:attachment":[{"href":"https:\/\/www.mc2.es\/en\/wp-json\/wp\/v2\/media?parent=22966"}],"wp:term":[{"taxonomy":"category","embeddable":true,"href":"https:\/\/www.mc2.es\/en\/wp-json\/wp\/v2\/categories?post=22966"},{"taxonomy":"post_tag","embeddable":true,"href":"https:\/\/www.mc2.es\/en\/wp-json\/wp\/v2\/tags?post=22966"}],"curies":[{"name":"wp","href":"https:\/\/api.w.org\/{rel}","templated":true}]}}